{"id":2107,"date":"2012-12-04T15:26:42","date_gmt":"2012-12-04T13:26:42","guid":{"rendered":"http:\/\/www.friseurzeit.de\/?p=2107"},"modified":"2026-02-11T16:39:05","modified_gmt":"2026-02-11T14:39:05","slug":"keratin-brasilianische-haarglattung","status":"publish","type":"post","link":"https:\/\/www.friseurzeit.net\/friseur\/muenchen\/keratin-brasilianische-haarglattung\/","title":{"rendered":"Traumhaft glattes Haar dank Keratin"},"content":{"rendered":"<p><strong>Gl\u00e4nzendes, geschmeidiges, glattes Haar und das nicht nur f\u00fcr ein paar Tage. Welche Frau tr\u00e4umt nicht davon?<\/strong><\/p>\n<p>Im Gegensatz zu einer Entkrausung erfreut sich ein Konzept aus Brasilien seit geraumer Zeit gro\u00dfer Beliebtheit. Es setzt auf die Behandlung mit Keratin und erreicht eine Strukturgl\u00e4ttung um bis zu 80 Prozent, ohne dass das eigene Haar dabei in irgendeiner Weise besch\u00e4digt wird.<\/p>\n<p><strong>Keratin ist Hauptbestandteil unserer Haare<\/strong><\/p>\n<p>Die Pflege mit Keratin &#8211; der bedeutsamsten Eiwei\u00df-Komponente im Haar &#8211; gibt sowohl gef\u00e4rbtem und dauergewelltem als auch unbehandeltem Haar den n\u00f6tigen Kick und hilft dabei, es von innen heraus wieder aufzubauen. Kundinnen k\u00f6nnen sich also \u00fcber vier bis sechs Monate glattes und gesundes Haar freuen. Dank der aktuellen Produkte sind Ergebnisse sofort sichtbar. Fr\u00fcher mussten meist drei Tage vergehen, bis die Haare gewaschen werden d\u00fcrfen. Bei der neuesten Generation von Keratin-Produkten ist dies nicht mehr n\u00f6tig.<\/p>\n<p><strong>Wer sch\u00f6n sein will, &#8230;<\/strong><\/p>\n<p>Dennoch sollten Kundinnen Zeit mitbringen. F\u00fcr die Behandlung m\u00fcssen &#8211; ja nach Haarl\u00e4nge- und menge &#8211; bis zu f\u00fcnf Stunden eingeplant werden. Nach mehrmaligem Waschen wird das Keratin Str\u00e4hne f\u00fcr Str\u00e4hne aufgetragen und muss dann einwirken. Anschlie\u00dfend wird das Haar gef\u00f6hnt und mit einem speziellen Gl\u00e4tteisen gegl\u00e4ttet. Ganz g\u00fcnstig ist die brasilianische Haargl\u00e4ttung nat\u00fcrlich nicht, daf\u00fcr ist sie wirklich f\u00fcr alle Haartypen geeignet und beschert jedem traumhaft glattes Haar. Denn Keratin ist nun mal der wichtigste organische Baustoff des Haares.<\/p>\n<p><strong>Wiederholung empfohlen<\/strong><\/p>\n<p>Allerdings w\u00e4scht sich das Keratin mit der Zeit aus, sodass die Gl\u00e4ttung nicht dauerhaft ist und eine Wiederholung empfohlen wird. Besonders wer von Natur aus sehr stark gelocktes Haar hat, wird hier schon nach einigen Monaten feststellen, dass die Haare sich wieder wellen. Bis dahin bringt die Keratin-Behandlung aber nur Vorteile mit sich und kann auch dabei helfen, die nat\u00fcrliche Krause abzuschw\u00e4chen.<\/p>\n<p>Bei Fragen zur Keratin-Gl\u00e4ttung, den Produkten oder auch Inhaltsstoffen stehen wir gern Rede und Antwort! Ebenso nat\u00fcrlich f\u00fcr eine Terminvereinbarung.<\/p>\n<div class=\"elementor-element elementor-element-6249d36 elementor-widget elementor-widget-heading\" data-id=\"6249d36\" data-element_type=\"widget\" data-e-type=\"widget\" data-widget_type=\"heading.default\">\n<div class=\"elementor-widget-container\">\n<h3 class=\"elementor-heading-title elementor-size-default\">Friseur Chic Beautysalon M\u00fcnchen<br \/>\n<a style=\"font-size: 14px; word-spacing: normal;\" href=\"https:\/\/www.google.com\/maps?ll=48.095058,11.511453&amp;z=16&amp;t=m&amp;hl=de&amp;gl=DE&amp;mapclient=embed&amp;cid=10246233875312148379\" target=\"_blank\" rel=\"noopener\">Kistlerhofstra\u00dfe 168<\/a><br \/>\n<a style=\"font-size: 14px; word-spacing: normal;\" href=\"https:\/\/www.google.com\/maps?ll=48.095058,11.511453&amp;z=16&amp;t=m&amp;hl=de&amp;gl=DE&amp;mapclient=embed&amp;cid=10246233875312148379\" target=\"_blank\" rel=\"noopener\">81379 M\u00fcnchen Sendling<\/a><\/h3>\n<\/div>\n<\/div>\n<div class=\"elementor-element elementor-element-41ad8d4 elementor-view-stacked elementor-position-inline-start elementor-shape-circle elementor-widget elementor-widget-icon-box\" data-id=\"41ad8d4\" data-element_type=\"widget\" data-e-type=\"widget\" data-widget_type=\"icon-box.default\">\n<div class=\"elementor-widget-container\">\n<div class=\"elementor-icon-box-wrapper\">\n<div class=\"elementor-icon-box-icon\"><a style=\"font-weight: bold; word-spacing: normal;\" href=\"tel:+498990152113\">089 901 521 13<\/a><\/div>\n<\/div>\n<\/div>\n<\/div>\n<div class=\"elementor-element elementor-element-a5edd15 elementor-view-stacked elementor-position-inline-start elementor-mobile-position-inline-start elementor-shape-circle elementor-widget elementor-widget-icon-box\" data-id=\"a5edd15\" data-element_type=\"widget\" data-e-type=\"widget\" data-widget_type=\"icon-box.default\">\n<div class=\"elementor-widget-container\">\n<div class=\"elementor-icon-box-wrapper\">\n<div class=\"elementor-icon-box-icon\">\n<p><a style=\"font-weight: bold; word-spacing: normal;\" href=\"tel:+491784470690\">0178 44 70 690<\/a><\/p>\n<p><a style=\"font-weight: bold; word-spacing: normal;\" href=\"mailto:info@chic-beautysalon.de\">info@chic-beautysalon.de<\/a><br \/>\n<a style=\"font-weight: bold; word-spacing: normal;\" href=\"https:\/\/chic-beautysalon.de\/termin-buchen\/\">Termin online buchen<\/a><\/p>\n<\/div>\n<\/div>\n<\/div>\n<\/div>\n","protected":false},"excerpt":{"rendered":"<p>Gl\u00e4nzendes, geschmeidiges, glattes Haar und das nicht nur f\u00fcr ein paar Tage. Welche Frau tr\u00e4umt nicht davon? Im Gegensatz zu einer Entkrausung erfreut sich ein Konzept aus Brasilien seit geraumer Zeit gro\u00dfer Beliebtheit. Es setzt auf die Behandlung mit Keratin und erreicht eine Strukturgl\u00e4ttung um bis zu 80 Prozent, ohne dass das eigene Haar dabei&#8230; <\/p>\n<div class=\"read-more navbutton\"><a href=\"https:\/\/www.friseurzeit.net\/friseur\/muenchen\/keratin-brasilianische-haarglattung\/\">Read More<i class=\"fa fa-angle-double-right\"><\/i><\/a><\/div>\n","protected":false},"author":1,"featured_media":0,"comment_status":"closed","ping_status":"open","sticky":false,"template":"","format":"standard","meta":{"footnotes":""},"categories":[47,49,24,14],"tags":[],"class_list":["post-2107","post","type-post","status-publish","format-standard","hentry","category-colorexpert","category-farbbehandlung-2","category-faerben","category-friseur"],"_links":{"self":[{"href":"https:\/\/www.friseurzeit.net\/friseur\/wp-json\/wp\/v2\/posts\/2107","targetHints":{"allow":["GET"]}}],"collection":[{"href":"https:\/\/www.friseurzeit.net\/friseur\/wp-json\/wp\/v2\/posts"}],"about":[{"href":"https:\/\/www.friseurzeit.net\/friseur\/wp-json\/wp\/v2\/types\/post"}],"author":[{"embeddable":true,"href":"https:\/\/www.friseurzeit.net\/friseur\/wp-json\/wp\/v2\/users\/1"}],"replies":[{"embeddable":true,"href":"https:\/\/www.friseurzeit.net\/friseur\/wp-json\/wp\/v2\/comments?post=2107"}],"version-history":[{"count":8,"href":"https:\/\/www.friseurzeit.net\/friseur\/wp-json\/wp\/v2\/posts\/2107\/revisions"}],"predecessor-version":[{"id":3178,"href":"https:\/\/www.friseurzeit.net\/friseur\/wp-json\/wp\/v2\/posts\/2107\/revisions\/3178"}],"wp:attachment":[{"href":"https:\/\/www.friseurzeit.net\/friseur\/wp-json\/wp\/v2\/media?parent=2107"}],"wp:term":[{"taxonomy":"category","embeddable":true,"href":"https:\/\/www.friseurzeit.net\/friseur\/wp-json\/wp\/v2\/categories?post=2107"},{"taxonomy":"post_tag","embeddable":true,"href":"https:\/\/www.friseurzeit.net\/friseur\/wp-json\/wp\/v2\/tags?post=2107"}],"curies":[{"name":"wp","href":"https:\/\/api.w.org\/{rel}","templated":true}]}}