{"id":1239,"date":"2012-10-28T08:40:40","date_gmt":"2012-10-28T06:40:40","guid":{"rendered":"http:\/\/www.friseurzeit.de\/friseur-isartorplatz\/?p=1239"},"modified":"2018-10-29T18:25:16","modified_gmt":"2018-10-29T16:25:16","slug":"trendfrisuren-2013","status":"publish","type":"post","link":"https:\/\/www.friseurzeit.net\/friseur\/muenchen\/trendfrisuren-2013\/","title":{"rendered":"Trendfrisuren 2013 &#8211; Friseure M\u00fcnchen"},"content":{"rendered":"<p>Wir haben bereits einige Andeutungen gemacht, nun stehen sie fest: Die Trendfrisuren f\u00fcr 2013. Sowohl kurzes als auch mittleres und langes Haar erwarten dabei tolle Schnitte und Frisuren, und nat\u00fcrlich auch grandiose Farben. Das Sch\u00f6ne ist in der kommenden Saison, dass sowohl Sch\u00fcchterne als auch Mutige zum Zug kommen. F\u00fcr jeden ist etwas dabei.<\/p>\n<p>F\u00fcr Fans von Kurzhaarfrisuren steht der Pixie-Cut hoch im Kurs. Am besten in k\u00fchlen Blondt\u00f6nen oder changierenden Nuancen. Der ist schnell gestylt, muss aber eben regelm\u00e4\u00dfig nachgeschnitten werden. Er steht besonders sportlichen und aktiven Frauen, die nicht zu viel Zeit vor dem Spiegel verbringen wollen.<\/p>\n<p>F\u00fcr mittellanges Haar ist der Long-Bob nach wie vor DIE Trendfrisur. Ob wellig oder glatt &#8211; als \u00dcberganglook ist er perfekt geeignet. Im Sommer 2013 am besten im Platinlook, also aschblond, oder auch mit etwas dunkleren Str\u00e4hnen. Er darf sowohl sleek als auch locker gewellt getragen werden. Wer m\u00f6chte kann auch die Partie am Oberkopf streng zur\u00fccknehmen.<\/p>\n<p>Alle mit langen Haaren d\u00fcrfen es 2013 wieder bunt treiben. Nach auff\u00e4lligen Str\u00e4hnchen und Dip Dye sind auch kommenden Sommer knallige Farben angesagt. Von Gr\u00fcn bis Pink ist alles erlaubt, besonders in den Spitzen. F\u00fcr blondes Haar eine sch\u00f6ne Akzentuierung, aber auch dunkle Haare k\u00f6nnen aufgepeppt werden. Der Ombr\u00e9-Trend verabschiedet sich n\u00e4mlich keinesfalls.<\/p>\n<p>Wer schon jetzt Trendsetter sein will, dem helfen wir im Salon gern weiter. Einfach anrufen oder vorbeikommen!<\/p>\n<p>&nbsp;<\/p>\n<p>&nbsp;<\/p>\n","protected":false},"excerpt":{"rendered":"<p>Wir haben bereits einige Andeutungen gemacht, nun stehen sie fest: Die Trendfrisuren f\u00fcr 2013. Sowohl kurzes als auch mittleres und langes Haar erwarten dabei tolle Schnitte und Frisuren, und nat\u00fcrlich auch grandiose Farben. Das Sch\u00f6ne ist in der kommenden Saison, dass sowohl Sch\u00fcchterne als auch Mutige zum Zug kommen. F\u00fcr jeden ist etwas dabei. F\u00fcr&#8230; <\/p>\n<div class=\"read-more navbutton\"><a href=\"https:\/\/www.friseurzeit.net\/friseur\/muenchen\/trendfrisuren-2013\/\">Read More<i class=\"fa fa-angle-double-right\"><\/i><\/a><\/div>\n","protected":false},"author":1,"featured_media":0,"comment_status":"closed","ping_status":"open","sticky":false,"template":"","format":"standard","meta":{"footnotes":""},"categories":[1],"tags":[],"class_list":["post-1239","post","type-post","status-publish","format-standard","hentry","category-allgemein"],"_links":{"self":[{"href":"https:\/\/www.friseurzeit.net\/friseur\/wp-json\/wp\/v2\/posts\/1239","targetHints":{"allow":["GET"]}}],"collection":[{"href":"https:\/\/www.friseurzeit.net\/friseur\/wp-json\/wp\/v2\/posts"}],"about":[{"href":"https:\/\/www.friseurzeit.net\/friseur\/wp-json\/wp\/v2\/types\/post"}],"author":[{"embeddable":true,"href":"https:\/\/www.friseurzeit.net\/friseur\/wp-json\/wp\/v2\/users\/1"}],"replies":[{"embeddable":true,"href":"https:\/\/www.friseurzeit.net\/friseur\/wp-json\/wp\/v2\/comments?post=1239"}],"version-history":[{"count":3,"href":"https:\/\/www.friseurzeit.net\/friseur\/wp-json\/wp\/v2\/posts\/1239\/revisions"}],"predecessor-version":[{"id":2639,"href":"https:\/\/www.friseurzeit.net\/friseur\/wp-json\/wp\/v2\/posts\/1239\/revisions\/2639"}],"wp:attachment":[{"href":"https:\/\/www.friseurzeit.net\/friseur\/wp-json\/wp\/v2\/media?parent=1239"}],"wp:term":[{"taxonomy":"category","embeddable":true,"href":"https:\/\/www.friseurzeit.net\/friseur\/wp-json\/wp\/v2\/categories?post=1239"},{"taxonomy":"post_tag","embeddable":true,"href":"https:\/\/www.friseurzeit.net\/friseur\/wp-json\/wp\/v2\/tags?post=1239"}],"curies":[{"name":"wp","href":"https:\/\/api.w.org\/{rel}","templated":true}]}}